{"id":3309,"date":"2019-11-08T21:32:00","date_gmt":"2019-11-08T20:32:00","guid":{"rendered":"http:\/\/joyvmoto.com\/?p=3309"},"modified":"2019-11-08T21:32:01","modified_gmt":"2019-11-08T20:32:01","slug":"93-les-balkans","status":"publish","type":"post","link":"https:\/\/joyvmoto.com\/index.php\/2019\/11\/08\/93-les-balkans\/","title":{"rendered":"93. Les Balkans"},"content":{"rendered":"\n<p>Les Balkans d\u00e9signent une vaste zone qui regroupe les pays suivants: l&#8217;ex-Yougoslavie (Slov\u00e9nie, Croatie,  Bosnie-Herz\u00e9govine, Mont\u00e9n\u00e9gro, Serbie,  Kosovo, Mac\u00e9doine du Nord) et l\u2019Albanie. Mais au sens large, la p\u00e9ninsule balkanique comprend aussi la Gr\u00e8ce, la Bulgarie, la Moldavie, un bout de Roumanie et la partie europ\u00e9enne de la Turquie. \u00c7a fait donc un moment que, sans le savoir, on vous parle des Balkans ! <br>Alors cet article devrait plut\u00f4t s&#8217;appeler &#8220;ex-Yougoslavie&#8221;, mais tous les voyageurs que nous avons crois\u00e9s utilisent le terme Balkans.<br>Nous vous avons d\u00e9j\u00e0 parl\u00e9 de la Mac\u00e9doine (du Nord), nous allons maintenant traverser au pas de course les autres pays de l&#8217;ex-Yougoslavie, malheureusement dans des conditions difficiles avec notamment de la pluie, du brouillard, de la pluie, du brouillard, et de la pluie &#8230; Donc peu de photos, notre appareil n&#8217;aime pas l&#8217;eau, mais quelques images quand m\u00eame de cette travers\u00e9e des Balkans qui nous a \u00e9mus.<\/p>\n\n\n\n<p>Vous vous en doutez, ce sont les traces de la guerre de Yougoslavie qui nous ont marqu\u00e9s, en particulier en Bosnie, alors commen\u00e7ons par un bref rappel d&#8217;histoire contemporaine sans pr\u00e9tention pour planter le d\u00e9cor. Mais nous vous engageons \u00e0 approfondir en cherchant sur internet car cette guerre est vraiment compliqu\u00e9e.<br>La Yougoslavie \u00e9tait un \u00e9tat f\u00e9d\u00e9ral compos\u00e9 de plusieurs r\u00e9publiques dans lesquelles les citoyens yougoslaves avaient \u00e9galement une nationalit\u00e9: serbe, croate, bosniaque &#8230; A la fin de l&#8217;\u00e8re communiste, les nationalismes ont repris le dessus, les serbes de Croatie voulant \u00eatre rattach\u00e9s \u00e0 la r\u00e9publique serbe, les croates et les slov\u00e8nes proclamant leur ind\u00e9pendance, suivis plus tard par la Bosnie, montant ainsi les diff\u00e9rentes communaut\u00e9s les unes contre les autres. <br>La guerre a vraiment \u00e9clat\u00e9 au printemps 1991, entre serbes et croates  (la Croatie comprenant un tiers de serbes). Elle va s&#8217;\u00e9tendre en 1992 \u00e0 la Bosnie, la plus h\u00e9t\u00e9rog\u00e8ne des r\u00e9publiques de Yougoslavie et se poursuivre au Kosovo. C&#8217;est en Bosnie qu&#8217;elle sera la plus meurtri\u00e8re avec pr\u00e8s de 100.000 morts, et on en voit encore aujourd&#8217;hui les traces partout dans les villes et la campagne bosniaque. C&#8217;est une guerre dans laquelle chaque communaut\u00e9 tente par la violence de faire fuir les autres pour \u00e9tendre son territoire.<br>La guerre prend th\u00e9oriquement fin entre serbes, croates et bosniaques le 21 novembre 1995 avec l&#8217;accord de Dayton qui red\u00e9finit les fronti\u00e8res. Mais le Kosovo n&#8217;est pas couvert par ce trait\u00e9 et la guerre s&#8217;y poursuivra jusqu&#8217;en 2001 ! <\/p>\n\n\n\n<h4 class=\"wp-block-heading\">Le Kosovo<\/h4>\n\n\n\n<p>Si vous regardez diff\u00e9rentes cartes des Balkans, vous verrez que la fronti\u00e8re entre la Serbie et le Kosovo est tant\u00f4t en trait plein, tant\u00f4t en pointill\u00e9s. C&#8217;est  une manifestation des tensions qui existent encore dans la r\u00e9gion: le Kosovo a proclam\u00e9 son ind\u00e9pendance le 17 f\u00e9vrier 2008. Il est peupl\u00e9 majoritairement d&#8217;albanais, et nous avons en effet vu des drapeaux albanais tout au long de la route, sauf au Nord. Pourquoi ? Parce que le Nord du Kosovo est majoritairement peupl\u00e9 de serbes qui revendiquent le maintien du Kosovo au sein de la Serbie. La situation est donc toujours tendue et suffisamment confuse pour que le Kosovo ne soit pas reconnu par une partie de la communaut\u00e9 internationale. Elle pourrait se r\u00e9soudre avec un nouveau trac\u00e9 des fronti\u00e8res, \u00e0 suivre &#8230;<br>Le Kosovo est \u00e0 l&#8217;\u00e9vidence un pays (ou une r\u00e9gion &#8230;) pauvre: les maisons sont en mauvais \u00e9tat, souvent pas finies. La plupart des voitures que nous croisons sont en piteux \u00e9tat, la route est \u00e9galement assez mauvaise, et nous ne voyons aucun chantier.<\/p>\n\n\n\n<p>Surprenant: le Kosovo a adopt\u00e9 l&#8217;Euro alors qu&#8217;il ne fait pas partie de la zone Euro ! En apparence, cela rassure, mais c&#8217;est \u00e9galement le seul pays de notre voyage (et nous en sommes \u00e0 30 pays) dans lequel notre assurance moto ne fonctionne pas. Il nous a fallu signer un contrat de 30 jours au passage de la fronti\u00e8re, prix 20\u20ac, mais ramen\u00e9 \u00e0 10\u20ac car nous n&#8217;avions pas plus sur nous en liquide &#8230;<\/p>\n\n\n\n<figure class=\"wp-block-image\"><img loading=\"lazy\" decoding=\"async\" width=\"1000\" height=\"562\" src=\"http:\/\/joyvmoto.com\/wp-content\/uploads\/2019\/11\/Kosovo-1.jpg\" alt=\"\" class=\"wp-image-3316\" srcset=\"https:\/\/joyvmoto.com\/wp-content\/uploads\/2019\/11\/Kosovo-1.jpg 1000w, https:\/\/joyvmoto.com\/wp-content\/uploads\/2019\/11\/Kosovo-1-300x169.jpg 300w, https:\/\/joyvmoto.com\/wp-content\/uploads\/2019\/11\/Kosovo-1-768x432.jpg 768w, https:\/\/joyvmoto.com\/wp-content\/uploads\/2019\/11\/Kosovo-1-600x337.jpg 600w, https:\/\/joyvmoto.com\/wp-content\/uploads\/2019\/11\/Kosovo-1-800x450.jpg 800w, https:\/\/joyvmoto.com\/wp-content\/uploads\/2019\/11\/Kosovo-1-585x330.jpg 585w, https:\/\/joyvmoto.com\/wp-content\/uploads\/2019\/11\/Kosovo-1-385x217.jpg 385w, https:\/\/joyvmoto.com\/wp-content\/uploads\/2019\/11\/Kosovo-1-380x214.jpg 380w, https:\/\/joyvmoto.com\/wp-content\/uploads\/2019\/11\/Kosovo-1-247x139.jpg 247w, https:\/\/joyvmoto.com\/wp-content\/uploads\/2019\/11\/Kosovo-1-278x157.jpg 278w, https:\/\/joyvmoto.com\/wp-content\/uploads\/2019\/11\/Kosovo-1-178x101.jpg 178w\" sizes=\"auto, (max-width: 1000px) 100vw, 1000px\" \/><figcaption>Vous verrez peu de choses du Kosovo, et ce n&#8217;est pas notre faute car voil\u00e0 ce que nous avons principalement vu ! Et oui, c&#8217;est l&#8217;automne &#8230;<\/figcaption><\/figure>\n\n\n\n<figure class=\"wp-block-image\"><img loading=\"lazy\" decoding=\"async\" width=\"1000\" height=\"601\" src=\"http:\/\/joyvmoto.com\/wp-content\/uploads\/2019\/11\/Kosovo-2.jpg\" alt=\"\" class=\"wp-image-3317\" srcset=\"https:\/\/joyvmoto.com\/wp-content\/uploads\/2019\/11\/Kosovo-2.jpg 1000w, https:\/\/joyvmoto.com\/wp-content\/uploads\/2019\/11\/Kosovo-2-300x180.jpg 300w, https:\/\/joyvmoto.com\/wp-content\/uploads\/2019\/11\/Kosovo-2-768x462.jpg 768w, https:\/\/joyvmoto.com\/wp-content\/uploads\/2019\/11\/Kosovo-2-600x361.jpg 600w, https:\/\/joyvmoto.com\/wp-content\/uploads\/2019\/11\/Kosovo-2-800x481.jpg 800w\" sizes=\"auto, (max-width: 1000px) 100vw, 1000px\" \/><figcaption>Les albanais sont de tradition musulmane, d&#8217;o\u00f9 ces mosqu\u00e9es diss\u00e9min\u00e9es dans la campagne kosovare<\/figcaption><\/figure>\n\n\n\n<h4 class=\"wp-block-heading\">Le Mont\u00e9n\u00e9gro<\/h4>\n\n\n\n<p>Apr\u00e8s avoir travers\u00e9 le Kosovo, nous faisons une petite incursion dans l&#8217;Est du Mont\u00e9n\u00e9gro. Trop court pour se faire une id\u00e9e, et avec un temps trop bouch\u00e9 pour faire de belles images.<br>La fronti\u00e8re entre les deux pays est en pleine montagne, assez haut pour \u00eatre au-dessus des nuages (c&#8217;est le seul endroit o\u00f9 nous aurons un bref instant un soleil magnifique) et pour que la temp\u00e9rature tombe \u00e0 3\u00b0C. <br>Amusant: pr\u00e8s de deux kilom\u00e8tres s\u00e9parent les deux postes fronti\u00e8re !<br>C\u00f4t\u00e9 Mont\u00e9n\u00e9gro, les routes sont en bon \u00e9tat, sinueuses \u00e0 souhait, un plaisir de motard, mais un peu g\u00e2ch\u00e9 par la m\u00e9t\u00e9o.<\/p>\n\n\n\n<figure class=\"wp-block-image\"><img loading=\"lazy\" decoding=\"async\" width=\"1000\" height=\"562\" src=\"http:\/\/joyvmoto.com\/wp-content\/uploads\/2019\/11\/Mont\u00e9n\u00e9gro-2.jpg\" alt=\"\" class=\"wp-image-3318\" srcset=\"https:\/\/joyvmoto.com\/wp-content\/uploads\/2019\/11\/Mont\u00e9n\u00e9gro-2.jpg 1000w, https:\/\/joyvmoto.com\/wp-content\/uploads\/2019\/11\/Mont\u00e9n\u00e9gro-2-300x169.jpg 300w, https:\/\/joyvmoto.com\/wp-content\/uploads\/2019\/11\/Mont\u00e9n\u00e9gro-2-768x432.jpg 768w, https:\/\/joyvmoto.com\/wp-content\/uploads\/2019\/11\/Mont\u00e9n\u00e9gro-2-600x337.jpg 600w, https:\/\/joyvmoto.com\/wp-content\/uploads\/2019\/11\/Mont\u00e9n\u00e9gro-2-800x450.jpg 800w, https:\/\/joyvmoto.com\/wp-content\/uploads\/2019\/11\/Mont\u00e9n\u00e9gro-2-585x330.jpg 585w, https:\/\/joyvmoto.com\/wp-content\/uploads\/2019\/11\/Mont\u00e9n\u00e9gro-2-385x217.jpg 385w, https:\/\/joyvmoto.com\/wp-content\/uploads\/2019\/11\/Mont\u00e9n\u00e9gro-2-380x214.jpg 380w, https:\/\/joyvmoto.com\/wp-content\/uploads\/2019\/11\/Mont\u00e9n\u00e9gro-2-247x139.jpg 247w, https:\/\/joyvmoto.com\/wp-content\/uploads\/2019\/11\/Mont\u00e9n\u00e9gro-2-278x157.jpg 278w, https:\/\/joyvmoto.com\/wp-content\/uploads\/2019\/11\/Mont\u00e9n\u00e9gro-2-178x101.jpg 178w\" sizes=\"auto, (max-width: 1000px) 100vw, 1000px\" \/><figcaption>La rivi\u00e8re Zupanica<\/figcaption><\/figure>\n\n\n\n<figure class=\"wp-block-image\"><img loading=\"lazy\" decoding=\"async\" width=\"1000\" height=\"577\" src=\"http:\/\/joyvmoto.com\/wp-content\/uploads\/2019\/11\/Mont\u00e9n\u00e9gro-4.jpg\" alt=\"\" class=\"wp-image-3319\" srcset=\"https:\/\/joyvmoto.com\/wp-content\/uploads\/2019\/11\/Mont\u00e9n\u00e9gro-4.jpg 1000w, https:\/\/joyvmoto.com\/wp-content\/uploads\/2019\/11\/Mont\u00e9n\u00e9gro-4-300x173.jpg 300w, https:\/\/joyvmoto.com\/wp-content\/uploads\/2019\/11\/Mont\u00e9n\u00e9gro-4-768x443.jpg 768w, https:\/\/joyvmoto.com\/wp-content\/uploads\/2019\/11\/Mont\u00e9n\u00e9gro-4-600x346.jpg 600w, https:\/\/joyvmoto.com\/wp-content\/uploads\/2019\/11\/Mont\u00e9n\u00e9gro-4-800x462.jpg 800w\" sizes=\"auto, (max-width: 1000px) 100vw, 1000px\" \/><figcaption>Pont suspendu sur la rivi\u00e8re Zupanica. Bien qu&#8217;en mauvais \u00e9tat (beaucoup de planches cass\u00e9es, c\u00e2bles effiloch\u00e9s), les habitants l&#8217;utilisent avec leur voiture, au ralenti &#8230;<\/figcaption><\/figure>\n\n\n\n<h4 class=\"wp-block-heading\">La Serbie<\/h4>\n\n\n\n<p>Notre route nous m\u00e8ne ensuite en Serbie au travers des montagnes. Le paysage est tr\u00e8s beau m\u00eame si le temps ne le met pas en valeur. Mais nous ne traversons aucun village pittoresque. Au lieu de cela, nous voyons des maisons sans aucun charme \u00e9parpill\u00e9es n&#8217;importe comment le long des routes et en pleine campagne. Tout est gris, moche, d\u00e9primant &#8230;<\/p>\n\n\n\n<figure class=\"wp-block-image\"><img loading=\"lazy\" decoding=\"async\" width=\"1000\" height=\"606\" src=\"http:\/\/joyvmoto.com\/wp-content\/uploads\/2019\/11\/Mont\u00e9n\u00e9gro-7.jpg\" alt=\"\" class=\"wp-image-3320\" srcset=\"https:\/\/joyvmoto.com\/wp-content\/uploads\/2019\/11\/Mont\u00e9n\u00e9gro-7.jpg 1000w, https:\/\/joyvmoto.com\/wp-content\/uploads\/2019\/11\/Mont\u00e9n\u00e9gro-7-300x182.jpg 300w, https:\/\/joyvmoto.com\/wp-content\/uploads\/2019\/11\/Mont\u00e9n\u00e9gro-7-768x465.jpg 768w, https:\/\/joyvmoto.com\/wp-content\/uploads\/2019\/11\/Mont\u00e9n\u00e9gro-7-600x364.jpg 600w, https:\/\/joyvmoto.com\/wp-content\/uploads\/2019\/11\/Mont\u00e9n\u00e9gro-7-800x485.jpg 800w\" sizes=\"auto, (max-width: 1000px) 100vw, 1000px\" \/><figcaption>La fronti\u00e8re entre Mont\u00e9n\u00e9gro et Serbie, en plein d\u00e9fil\u00e9<\/figcaption><\/figure>\n\n\n\n<figure class=\"wp-block-image\"><img loading=\"lazy\" decoding=\"async\" width=\"1000\" height=\"621\" src=\"http:\/\/joyvmoto.com\/wp-content\/uploads\/2019\/11\/Serbie-13.jpg\" alt=\"\" class=\"wp-image-3322\" srcset=\"https:\/\/joyvmoto.com\/wp-content\/uploads\/2019\/11\/Serbie-13.jpg 1000w, https:\/\/joyvmoto.com\/wp-content\/uploads\/2019\/11\/Serbie-13-300x186.jpg 300w, https:\/\/joyvmoto.com\/wp-content\/uploads\/2019\/11\/Serbie-13-768x477.jpg 768w, https:\/\/joyvmoto.com\/wp-content\/uploads\/2019\/11\/Serbie-13-600x373.jpg 600w, https:\/\/joyvmoto.com\/wp-content\/uploads\/2019\/11\/Serbie-13-800x497.jpg 800w\" sizes=\"auto, (max-width: 1000px) 100vw, 1000px\" \/><figcaption>C&#8217;est bien l&#8217;automne !<\/figcaption><\/figure>\n\n\n\n<figure class=\"wp-block-image\"><img loading=\"lazy\" decoding=\"async\" width=\"1000\" height=\"572\" src=\"http:\/\/joyvmoto.com\/wp-content\/uploads\/2019\/11\/Serbie-7.jpg\" alt=\"\" class=\"wp-image-3321\" srcset=\"https:\/\/joyvmoto.com\/wp-content\/uploads\/2019\/11\/Serbie-7.jpg 1000w, https:\/\/joyvmoto.com\/wp-content\/uploads\/2019\/11\/Serbie-7-300x172.jpg 300w, https:\/\/joyvmoto.com\/wp-content\/uploads\/2019\/11\/Serbie-7-768x439.jpg 768w, https:\/\/joyvmoto.com\/wp-content\/uploads\/2019\/11\/Serbie-7-600x343.jpg 600w, https:\/\/joyvmoto.com\/wp-content\/uploads\/2019\/11\/Serbie-7-800x458.jpg 800w, https:\/\/joyvmoto.com\/wp-content\/uploads\/2019\/11\/Serbie-7-178x101.jpg 178w\" sizes=\"auto, (max-width: 1000px) 100vw, 1000px\" \/><figcaption>Le monument de Kadinja\u010da pr\u00e8s de U\u017eice, de style tr\u00e8s communiste. Gigantesque, il a \u00e9t\u00e9 \u00e9rig\u00e9 en 1979 \u00e0 la gloire du bataillon des travailleurs d&#8217;U\u017eice qui a combattu les nazis en 1941<\/figcaption><\/figure>\n\n\n\n<h4 class=\"wp-block-heading\">La Bosnie-Herz\u00e9govine<\/h4>\n\n\n\n<p>La fronti\u00e8re entre la Serbie et la Bosnie est au deux tiers mat\u00e9rialis\u00e9e par la rivi\u00e8re Drina. Nous l&#8217;avons travers\u00e9e \u00e0 Bajina Ba\u0161ta, puis avons long\u00e9 la Drina c\u00f4t\u00e9 bosniaque sur quatre-vingt kilom\u00e8tre jusqu&#8217;\u00e0 Zvornik. Les plaies de la guerre y sont visibles partout: maisons cribl\u00e9es d&#8217;impact, \u00e9ventr\u00e9es, tombes par centaines le long de la route. C&#8217;est aussi \u00e0 l&#8217;\u00e9vidence une zone de grande pauvret\u00e9, et l&#8217;ambiance d\u00e9j\u00e0 d\u00e9primante est en plus plomb\u00e9e par la m\u00e9t\u00e9o automnale qui ne nous l\u00e2che pas.<br>En discutant avec des locaux, nous avons d\u00e9couvert que l&#8217;accord de Dayton a conduit \u00e0 des d\u00e9placements forc\u00e9s de population. Ainsi, des familles serbes de Sarajevo ont eu cinquante jours pour quitter la ville et se reloger \u00e0 proximit\u00e9 de la fronti\u00e8re serbe, avec les moyens du bord. En voyant l&#8217;\u00e9tat de la r\u00e9gion, on imagine la d\u00e9tresse de ces familles qui ont d\u00fb repartir de z\u00e9ro.<br>Aujourd&#8217;hui encore, la Bosnie est le pays des Balkans le plus h\u00e9t\u00e9rog\u00e8ne o\u00f9 doivent cohabiter les diff\u00e9rentes communaut\u00e9s.<br>Mais les quelques jeunes que nous avons rencontr\u00e9s nous ont pr\u00e9sent\u00e9 une image dynamique, positive: la vie reprend ses droits, la paix est l\u00e0 m\u00eame si des tensions demeurent, et on leur souhaite de r\u00e9ussir \u00e0 maintenir cette paix et vivre ensemble.<\/p>\n\n\n\n<figure class=\"wp-block-image\"><img loading=\"lazy\" decoding=\"async\" width=\"1000\" height=\"493\" src=\"http:\/\/joyvmoto.com\/wp-content\/uploads\/2019\/11\/Bosnie-3.jpg\" alt=\"\" class=\"wp-image-3312\" srcset=\"https:\/\/joyvmoto.com\/wp-content\/uploads\/2019\/11\/Bosnie-3.jpg 1000w, https:\/\/joyvmoto.com\/wp-content\/uploads\/2019\/11\/Bosnie-3-300x148.jpg 300w, https:\/\/joyvmoto.com\/wp-content\/uploads\/2019\/11\/Bosnie-3-768x379.jpg 768w, https:\/\/joyvmoto.com\/wp-content\/uploads\/2019\/11\/Bosnie-3-600x296.jpg 600w, https:\/\/joyvmoto.com\/wp-content\/uploads\/2019\/11\/Bosnie-3-800x394.jpg 800w\" sizes=\"auto, (max-width: 1000px) 100vw, 1000px\" \/><figcaption>La quasi totalit\u00e9 des maisons sont dans cet \u00e9tat: pas finies, sans portes ni fen\u00eatres, et pourtant, beaucoup sont habit\u00e9es.<\/figcaption><\/figure>\n\n\n\n<figure class=\"wp-block-image\"><img loading=\"lazy\" decoding=\"async\" width=\"1000\" height=\"593\" src=\"http:\/\/joyvmoto.com\/wp-content\/uploads\/2019\/11\/Bosnie-4.jpg\" alt=\"\" class=\"wp-image-3313\" srcset=\"https:\/\/joyvmoto.com\/wp-content\/uploads\/2019\/11\/Bosnie-4.jpg 1000w, https:\/\/joyvmoto.com\/wp-content\/uploads\/2019\/11\/Bosnie-4-300x178.jpg 300w, https:\/\/joyvmoto.com\/wp-content\/uploads\/2019\/11\/Bosnie-4-768x455.jpg 768w, https:\/\/joyvmoto.com\/wp-content\/uploads\/2019\/11\/Bosnie-4-600x356.jpg 600w, https:\/\/joyvmoto.com\/wp-content\/uploads\/2019\/11\/Bosnie-4-800x474.jpg 800w\" sizes=\"auto, (max-width: 1000px) 100vw, 1000px\" \/><figcaption>Maisons cribl\u00e9e d&#8217;impacts, d\u00e9truite. Il y en a des centaines le long de la Drina<\/figcaption><\/figure>\n\n\n\n<figure class=\"wp-block-image\"><img loading=\"lazy\" decoding=\"async\" width=\"1000\" height=\"683\" src=\"http:\/\/joyvmoto.com\/wp-content\/uploads\/2019\/11\/Bosnie-26.jpg\" alt=\"\" class=\"wp-image-3315\" srcset=\"https:\/\/joyvmoto.com\/wp-content\/uploads\/2019\/11\/Bosnie-26.jpg 1000w, https:\/\/joyvmoto.com\/wp-content\/uploads\/2019\/11\/Bosnie-26-300x205.jpg 300w, https:\/\/joyvmoto.com\/wp-content\/uploads\/2019\/11\/Bosnie-26-768x525.jpg 768w, https:\/\/joyvmoto.com\/wp-content\/uploads\/2019\/11\/Bosnie-26-600x410.jpg 600w, https:\/\/joyvmoto.com\/wp-content\/uploads\/2019\/11\/Bosnie-26-800x546.jpg 800w\" sizes=\"auto, (max-width: 1000px) 100vw, 1000px\" \/><figcaption> Nous avons dormi dans le surprenant h\u00f4tel Vidikovac qui surplombe la Drina \u00e0 proximit\u00e9 de Zvornik. En face, la Serbie. <br>C&#8217;est un h\u00f4tel haut de gamme avec une excellente qualit\u00e9 de service, le tout \u00e0 un prix tr\u00e8s raisonnable, nous vous le recommandons absolument. <\/figcaption><\/figure>\n\n\n\n<figure class=\"wp-block-image\"><img loading=\"lazy\" decoding=\"async\" width=\"1000\" height=\"562\" src=\"http:\/\/joyvmoto.com\/wp-content\/uploads\/2019\/11\/Bosnie-9.jpg\" alt=\"\" class=\"wp-image-3314\" srcset=\"https:\/\/joyvmoto.com\/wp-content\/uploads\/2019\/11\/Bosnie-9.jpg 1000w, https:\/\/joyvmoto.com\/wp-content\/uploads\/2019\/11\/Bosnie-9-300x169.jpg 300w, https:\/\/joyvmoto.com\/wp-content\/uploads\/2019\/11\/Bosnie-9-768x432.jpg 768w, https:\/\/joyvmoto.com\/wp-content\/uploads\/2019\/11\/Bosnie-9-600x337.jpg 600w, https:\/\/joyvmoto.com\/wp-content\/uploads\/2019\/11\/Bosnie-9-800x450.jpg 800w, https:\/\/joyvmoto.com\/wp-content\/uploads\/2019\/11\/Bosnie-9-585x330.jpg 585w, https:\/\/joyvmoto.com\/wp-content\/uploads\/2019\/11\/Bosnie-9-385x217.jpg 385w, https:\/\/joyvmoto.com\/wp-content\/uploads\/2019\/11\/Bosnie-9-380x214.jpg 380w, https:\/\/joyvmoto.com\/wp-content\/uploads\/2019\/11\/Bosnie-9-247x139.jpg 247w, https:\/\/joyvmoto.com\/wp-content\/uploads\/2019\/11\/Bosnie-9-278x157.jpg 278w, https:\/\/joyvmoto.com\/wp-content\/uploads\/2019\/11\/Bosnie-9-178x101.jpg 178w\" sizes=\"auto, (max-width: 1000px) 100vw, 1000px\" \/><figcaption>Nous descendons vers la Croatie par les petites routes, avec un passage par la ville de Mostar. L\u00e0 aussi les traces de la guerre sont visibles partout avec des fa\u00e7ades d&#8217;immeubles cribl\u00e9es d&#8217;impact. <\/figcaption><\/figure>\n\n\n\n<p>Notre travers\u00e9e express des Balkans se termine, nous en retiendrons qu&#8217;il est tr\u00e8s facile d&#8217;y circuler et de s&#8217;y loger. Les gens y sont accueillants mais peu parlent anglais. Le r\u00e9seau routier est correct, il ressemble \u00e0 nos routes d\u00e9partementales, et les stations service ne manquent pas (et l&#8217;essence y est vraiment bon march\u00e9). C\u00f4t\u00e9 ambiance par contre, nous avons trouv\u00e9 cette r\u00e9gion triste et un peu d\u00e9primante. Cela est forc\u00e9ment d\u00fb \u00e0 toutes ces traces de la guerre qui restent tellement visibles, mais aussi \u00e0 notre passage un peu trop brutal de l&#8217;\u00e9t\u00e9 indien de la Gr\u00e8ce et l&#8217;automne rugueux des Balkans.<br>Nous sortirons des Balkans par la Croatie, et vous verrez que le contraste avec la Bosnie est saisissant ! <\/p>\n","protected":false},"excerpt":{"rendered":"<p>Les Balkans d\u00e9signent une vaste zone qui regroupe les pays suivants: l&#8217;ex-Yougoslavie (Slov\u00e9nie, Croatie, Bosnie-Herz\u00e9govine, Mont\u00e9n\u00e9gro, Serbie, Kosovo, Mac\u00e9doine du Nord) et l\u2019Albanie. Mais au sens large, la p\u00e9ninsule balkanique comprend aussi la Gr\u00e8ce, la Bulgarie, la Moldavie, un bout de Roumanie et la partie europ\u00e9enne de la Turquie. \u00c7a fait donc un moment que, [&hellip;]<\/p>\n","protected":false},"author":1,"featured_media":3310,"comment_status":"open","ping_status":"open","sticky":false,"template":"","format":"standard","meta":{"footnotes":""},"categories":[90],"tags":[],"class_list":["post-3309","post","type-post","status-publish","format-standard","has-post-thumbnail","hentry","category-balkans"],"_links":{"self":[{"href":"https:\/\/joyvmoto.com\/index.php\/wp-json\/wp\/v2\/posts\/3309","targetHints":{"allow":["GET"]}}],"collection":[{"href":"https:\/\/joyvmoto.com\/index.php\/wp-json\/wp\/v2\/posts"}],"about":[{"href":"https:\/\/joyvmoto.com\/index.php\/wp-json\/wp\/v2\/types\/post"}],"author":[{"embeddable":true,"href":"https:\/\/joyvmoto.com\/index.php\/wp-json\/wp\/v2\/users\/1"}],"replies":[{"embeddable":true,"href":"https:\/\/joyvmoto.com\/index.php\/wp-json\/wp\/v2\/comments?post=3309"}],"version-history":[{"count":0,"href":"https:\/\/joyvmoto.com\/index.php\/wp-json\/wp\/v2\/posts\/3309\/revisions"}],"wp:featuredmedia":[{"embeddable":true,"href":"https:\/\/joyvmoto.com\/index.php\/wp-json\/wp\/v2\/media\/3310"}],"wp:attachment":[{"href":"https:\/\/joyvmoto.com\/index.php\/wp-json\/wp\/v2\/media?parent=3309"}],"wp:term":[{"taxonomy":"category","embeddable":true,"href":"https:\/\/joyvmoto.com\/index.php\/wp-json\/wp\/v2\/categories?post=3309"},{"taxonomy":"post_tag","embeddable":true,"href":"https:\/\/joyvmoto.com\/index.php\/wp-json\/wp\/v2\/tags?post=3309"}],"curies":[{"name":"wp","href":"https:\/\/api.w.org\/{rel}","templated":true}]}}